{"id":6843,"date":"2025-04-07T13:00:14","date_gmt":"2025-04-07T20:00:14","guid":{"rendered":"https:\/\/workingdev.wpengine.com\/?p=6843"},"modified":"2025-09-14T14:03:09","modified_gmt":"2025-09-14T21:03:09","slug":"le-chainon-manquant-dans-lenseignement-de-la-conception-pourquoi-les-principes-fondamentaux-de-lentreprise-sont-toujours-importants","status":"publish","type":"post","link":"https:\/\/workingarts.com\/fr\/the-missing-link-in-design-education-why-enterprise-fundamentals-still-matter\/","title":{"rendered":"Le cha\u00eenon manquant dans l'enseignement de la conception : Pourquoi les principes fondamentaux de l'entreprise sont toujours importants"},"content":{"rendered":"<div data-elementor-type=\"wp-post\" data-elementor-id=\"6843\" class=\"elementor elementor-6843\" data-elementor-post-type=\"post\">\n\t\t\t\t<div data-gbadge=\"{&quot;text&quot;:&quot;BLOG SERIES: 1 of 7&quot;,&quot;hideIfEmpty&quot;:false,&quot;icon&quot;:false}\" class=\"elementor-element elementor-element-458f99b premium-gbadge-yes premium-gbadge-flag premium-gbadge-left e-flex e-con-boxed e-con e-parent\" data-id=\"458f99b\" data-element_type=\"container\" data-e-type=\"container\">\n\t\t\t\t\t<div class=\"e-con-inner\">\n\t\t\t\t<div class=\"elementor-element elementor-element-92048e0 elementor-widget elementor-widget-text-editor\" data-id=\"92048e0\" data-element_type=\"widget\" data-e-type=\"widget\" data-widget_type=\"text-editor.default\">\n\t\t\t\t\t\t\t\t\t<p><strong> TL;DR<\/strong>: L'enseignement de la conception est \u00e0 la tra\u00eene. Alors que des outils comme Canva et l'IA rendent la conception accessible, de nombreux nouveaux concepteurs manquent de bases solides en mati\u00e8re de flux de travail, d'\u00e9volutivit\u00e9 et de pens\u00e9e syst\u00e9mique. Les \u201cfondamentaux de l'entreprise\u201d manquants - syst\u00e8mes de fichiers structur\u00e9s, flux de travail non destructifs, r\u00e9flexion strat\u00e9gique et processus de collaboration - sont de plus en plus essentiels. Sans eux, les organisations sont confront\u00e9es \u00e0 des retouches, \u00e0 des inefficacit\u00e9s et \u00e0 des risques. L'int\u00e9gration de ces fondamentaux dans l'enseignement et les pratiques internes permet de prot\u00e9ger la qualit\u00e9, d'assurer la p\u00e9rennit\u00e9 des r\u00e9sultats et de soutenir les \u00e9quipes cr\u00e9atives.<\/p><hr \/><p>\u00a0<\/p><p style=\"font-weight: 400;\">J'ai commenc\u00e9 \u00e0 \u00e9crire cette s\u00e9rie parce qu'il m'appara\u00eet de plus en plus clairement que quelque chose manque dans l'enseignement moderne du design.<\/p><p style=\"font-weight: 400;\">\u00c0 premi\u00e8re vue, tout semble aller pour le mieux. Plus de gens que jamais ont acc\u00e8s \u00e0 des outils puissants et intuitifs qui facilitent et acc\u00e9l\u00e8rent la conception. Des plateformes comme Canva ont d\u00e9mocratis\u00e9 le design, permettant aux non-designers de cr\u00e9er des travaux de qualit\u00e9 professionnelle avec un minimum d'efforts. Les entreprises s'empressent d'adopter des outils aliment\u00e9s par l'IA \u00e0 une vitesse fulgurante, dans l'espoir de prendre une longueur d'avance.<\/p><p style=\"font-weight: 400;\">Mais sous cette accessibilit\u00e9, quelque chose de fondamental a \u00e9t\u00e9 perdu.<\/p><p style=\"font-weight: 400;\">Les jeunes designers entrent sur le march\u00e9 du travail en connaissant les outils, mais pas les flux de travail. Ils peuvent cr\u00e9er des produits finis, mais on ne leur a pas appris \u00e0 construire des syst\u00e8mes \u00e9volutifs et adaptables. Ils savent comment rendre un produit attrayant aujourd'hui, mais pas comment s'assurer qu'il fonctionnera demain. Peu d'entre eux apprennent \u00e0 r\u00e9fl\u00e9chir strat\u00e9giquement \u00e0 leur conception, qu'il s'agisse du processus ou du r\u00e9sultat.<\/p><p style=\"font-weight: 400;\">Et cette lacune pose d\u00e9j\u00e0 des probl\u00e8mes :<\/p><ul style=\"font-weight: 400;\"><li>Les conceptions s'effritent lorsque des r\u00e9visions sont n\u00e9cessaires ou qu'elles doivent \u00eatre adapt\u00e9es \u00e0 plusieurs formats et appareils.<\/li><li>La collaboration \u00e9choue parce que les fichiers ne sont pas structur\u00e9s correctement, ne sont pas stock\u00e9s collectivement ou ne peuvent pas \u00eatre partag\u00e9s dans les environnements d'entreprise.<\/li><li>L'\u00e9volutivit\u00e9 n'est envisag\u00e9e qu'apr\u00e8s coup, ce qui oblige \u00e0 des remaniements co\u00fbteux.<\/li><\/ul><div>\u00a0<\/div><p style=\"font-weight: 400;\">Plus je vois ce qui se passe, plus je me rends compte qu'il ne s'agit pas seulement d'un probl\u00e8me d'\u00e9ducation, mais d'un probl\u00e8me d'histoire.\u00a0<span style=\"font-family: var( --e-global-typography-54e1b6f-font-family ), Sans-serif; font-size: var( --e-global-typography-54e1b6f-font-size ); letter-spacing: 0px; word-spacing: 0em;\">Les comp\u00e9tences fondamentales qui ont permis aux concepteurs de survivre \u00e0 la derni\u00e8re grande mutation du secteur, lorsque l'\u00e9dition num\u00e9rique a tout boulevers\u00e9, sont en train de dispara\u00eetre.\u00a0<\/span><span style=\"font-family: var( --e-global-typography-54e1b6f-font-family ), Sans-serif; font-size: var( --e-global-typography-54e1b6f-font-size ); letter-spacing: 0px; word-spacing: 0em;\">Et je le sais parce que j'\u00e9tais l\u00e0. J'ai v\u00e9cu cette transition, et elle a \u00e9t\u00e9 brutale.<\/span><\/p><h3 style=\"font-weight: 400;\"><strong>Survivre au tsunami num\u00e9rique<\/strong><\/h3><p style=\"font-weight: 400;\">La derni\u00e8re fois que le secteur a connu une \u00e9volution aussi radicale, j'\u00e9tais enferm\u00e9 dans une pi\u00e8ce avec un Mac Plus, un chat et un r\u00e9frig\u00e9rateur rempli de bi\u00e8re.\u00a0<span style=\"font-family: var( --e-global-typography-54e1b6f-font-family ), Sans-serif; font-size: var( --e-global-typography-54e1b6f-font-size ); letter-spacing: 0px; word-spacing: 0em;\">C'\u00e9tait en 1986. Mike Corcoran, qui dirige Shaw Copy Center apr\u00e8s la scission de l'imprimerie familiale, Dumont Printing, a besoin d'une nouvelle approche. Sa partie de l'entreprise avait perdu les machines \u00e0 composer et il devait reconstruire ces capacit\u00e9s \u00e0 partir de z\u00e9ro.\u00a0<\/span><span style=\"font-family: var( --e-global-typography-54e1b6f-font-family ), Sans-serif; font-size: var( --e-global-typography-54e1b6f-font-size ); letter-spacing: 0px; word-spacing: 0em;\">Il savait que la publication assist\u00e9e par ordinateur \u00e9tait sur le point de tout changer. Il a donc achet\u00e9 l'un des premiers Mac Plus - pas de disque dur, juste des disquettes - et m'a install\u00e9 dans ce bureau.\u00a0<\/span><span style=\"font-family: var( --e-global-typography-54e1b6f-font-family ), Sans-serif; font-size: var( --e-global-typography-54e1b6f-font-size ); letter-spacing: 0px; word-spacing: 0em;\"><i>\u201cVous avez un mois pour apprendre tout ce qu'il y a \u00e0 savoir sur cette machine.\u201d<\/i> a-t-il d\u00e9clar\u00e9.\u00a0<\/span><span style=\"font-family: var( --e-global-typography-54e1b6f-font-family ), Sans-serif; font-size: var( --e-global-typography-54e1b6f-font-size ); letter-spacing: 0px; word-spacing: 0em;\">C'est ce que j'ai fait.<\/span><\/p><p style=\"font-weight: 400;\">J'avais une certaine exp\u00e9rience de l'informatique \u00e0 l'universit\u00e9, mais rien ne pouvait me pr\u00e9parer \u00e0 ce qui allait suivre. Il m'a associ\u00e9 \u00e0 une graphiste de l'imprimerie, Suzanne Bertz, et nous nous sommes form\u00e9s dans une entreprise de composition locale, apprenant \u00e0 composer \u00e0 l'aveugle sur un ordinateur Compaq, \u00e0 l'aide d'un code mn\u00e9monique sur des disquettes de 5 pouces.\u00a0<span style=\"font-family: var( --e-global-typography-54e1b6f-font-family ), Sans-serif; font-size: var( --e-global-typography-54e1b6f-font-size ); letter-spacing: 0px; word-spacing: 0em;\">Son approche brillante pour m'enseigner les sp\u00e9cifications typographiques ? Conduire en ville et me forcer \u00e0 sp\u00e9cifier les caract\u00e8res des panneaux d'affichage qui passaient \u00e0 toute allure. Pas le temps de remettre en question. Il suffit d'apprendre.\u00a0<\/span><span style=\"font-family: var( --e-global-typography-54e1b6f-font-family ), Sans-serif; font-size: var( --e-global-typography-54e1b6f-font-size ); letter-spacing: 0px; word-spacing: 0em;\">Cette entreprise de composition locale \u00e9tait dirig\u00e9e par un couple de fumeurs \u00e0 la cha\u00eene tr\u00e8s int\u00e9ressants, f\u00e9rus de technologie et travaillant dans un bureau chaotique et enfum\u00e9. Il n'y avait pas d'interface graphique, nous devions donc calculer les points de consigne de mani\u00e8re math\u00e9matique.<\/span><\/p><p>Puis, lorsque j'ai ma\u00eetris\u00e9 cela, Mike m'a envoy\u00e9 chez Adobe pour apprendre \u00e0 programmer en PostScript.\u00a0<span style=\"font-family: var( --e-global-typography-54e1b6f-font-family ), Sans-serif; font-size: var( --e-global-typography-54e1b6f-font-size ); letter-spacing: 0px; word-spacing: 0em;\">C'\u00e9tait avant que PageMaker, Illustrator ou Photoshop n'existent. C'est \u00e0 ce moment-l\u00e0 que l'on s'est rendu compte que <b>La conception \u00e9tait sur le point de devenir ax\u00e9e sur le code, \u00e9volutive et enti\u00e8rement num\u00e9rique.<\/b>C'est \u00e0 ce moment-l\u00e0 que j'ai vu l'avenir du design.<\/span><\/p><h3><strong>La philosophie de l'outil dans les premi\u00e8res guerres vectorielles<\/strong><\/h3><p>J'ai travaill\u00e9 \u00e0 la fois avec Adobe Illustrator 1.0 et Aldus FreeHand 1.0 lors de leur lancement - oui, les toutes premi\u00e8res versions. Illustrator avait une longueur d'avance en termes d'outils de dessin et de pr\u00e9cision du contr\u00f4le des trajectoires, notamment gr\u00e2ce aux courbes de B\u00e9zier et \u00e0 l'int\u00e9gration de PostScript. Mais FreeHand l'a devanc\u00e9 dans un domaine essentiel : la typographie.<\/p><p>D\u00e8s la version 1.0, FreeHand offrait des fonctions avanc\u00e9es de traitement des caract\u00e8res qu'Illustrator ne toucherait pas avant des ann\u00e9es : d\u00e9calage de la ligne de base, contr\u00f4le des paires de cr\u00e9nage, formatage au niveau du paragraphe et pages ma\u00eetresses multiples. Il a \u00e9galement \u00e9t\u00e9 con\u00e7u pour les documents multipages, ce qu'Illustrator n'a tent\u00e9 de faire que bien plus tard. FreeHand se situait dans un espace hybride entre Illustrator et PageMaker, offrant aux concepteurs un outil qui respectait \u00e0 la fois la composition visuelle et l'int\u00e9grit\u00e9 typographique. Son mod\u00e8le de traits \u00e9tait \u00e9galement plus intuitif, avec des graisses de ligne qui se comportaient comme pr\u00e9vu.<\/p><p>Ce que l'on oublie dans l'enseignement moderne du design, c'est \u00e0 quel point ces outils \u00e9taient diff\u00e9rents d'un point de vue philosophique. Illustrator abordait les graphiques vectoriels comme un stylo \u00e0 pointe fine : la pr\u00e9cision d'abord, un seul canevas, pas de fioritures. FreeHand ressemblait davantage au carnet de croquis d'un designer : fluide, multi-pages, avec une v\u00e9ritable force typographique. Cette diff\u00e9rence a influenc\u00e9 notre fa\u00e7on de penser, de travailler et de communiquer avec nos clients.<\/p><h3 style=\"font-weight: 400;\"><strong>Le changement sismique : Du collage aux flux de travail num\u00e9riques<\/strong><\/h3><p style=\"font-weight: 400;\">En 1987, j'ai \u00e9t\u00e9 embauch\u00e9 par Ziff-Davis Publishing \u00e0 Foster City en tant que compositeur pour le magazine A+. Mon poste de travail ? Un \u201cdumb terminal\u201d reli\u00e9 \u00e0 une machine \u00e0 composer d'AGT, la maison de production charg\u00e9e de g\u00e9n\u00e9rer les films pour les plaques d'impression.\u00a0<span style=\"font-family: var( --e-global-typography-54e1b6f-font-family ), Sans-serif; font-size: var( --e-global-typography-54e1b6f-font-size ); letter-spacing: 0px; word-spacing: 0em;\">Tout se faisait encore \u00e0 la main et par code.\u00a0<\/span><span style=\"font-family: var( --e-global-typography-54e1b6f-font-family ), Sans-serif; font-size: var( --e-global-typography-54e1b6f-font-size ); letter-spacing: 0px; word-spacing: 0em;\">Pas de WYSIWYG, pas de glisser-d\u00e9poser.\u00a0<\/span><span style=\"font-family: var( --e-global-typography-54e1b6f-font-family ), Sans-serif; font-size: var( --e-global-typography-54e1b6f-font-size ); letter-spacing: 0px; word-spacing: 0em;\">Quelque chose se pr\u00e9parait. MacUser Magazine venait d'embaucher le directeur artistique Mike Yapp, qui avait d\u00e9couvert PageMaker 1.0 (alors propri\u00e9t\u00e9 d'Aldus).<\/span><\/p><p style=\"font-weight: 400;\">Au cours d'une conversation, j'ai parl\u00e9 d'une chose radicale :\u00a0<em style=\"font-family: var( --e-global-typography-54e1b6f-font-family ), Sans-serif; font-size: var( --e-global-typography-54e1b6f-font-size ); letter-spacing: 0px; word-spacing: 0em;\">\u201cVous savez, nous pouvons g\u00e9n\u00e9rer des s\u00e9parations \u00e0 partir de fichiers PostScript au lieu de construire manuellement des superpositions Rubylith.\u201d\u00a0<\/em><span style=\"font-family: var( --e-global-typography-54e1b6f-font-family ), Sans-serif; font-size: var( --e-global-typography-54e1b6f-font-size ); letter-spacing: 0px; word-spacing: 0em;\">Cette conversation a d\u00e9clench\u00e9 une r\u00e9action en cha\u00eene.<\/span><\/p><p style=\"font-weight: 400;\">\u00c0 l'\u00e9poque, il fallait des \u00e9quipes de personnes hautement sp\u00e9cialis\u00e9es pour produire une seule page imprim\u00e9e :<\/p><ul><li>Les graphistes ont manuellement sp\u00e9cifi\u00e9 et coll\u00e9 les caract\u00e8res sur les panneaux.<\/li><li>Les \u00e9quipes de production ont construit des films de recouvrement pour les images et des masques Rubylith pour les s\u00e9parations de couleurs (CMYK).<\/li><li>Les r\u00e9visions \u00e9taient co\u00fbteuses, prenaient du temps et n\u00e9cessitaient une main-d'\u0153uvre importante.<\/li><\/ul><div>\u00a0<\/div><p style=\"font-weight: 400;\">Soudain, nous pouvions faire des s\u00e9parations de couleurs num\u00e9riquement, sur place. Cela a tout chang\u00e9.<\/p><p style=\"font-weight: 400;\">En 1989, j'ai \u00e9t\u00e9 envoy\u00e9 \u00e0 l'USF pour une journ\u00e9e enti\u00e8re de tests psychologiques en vue d'une mutation \u00e0 New York. Ziff-Davis Publishing \u00e9tait sur le point de transformer num\u00e9riquement tous ses magazines de la c\u00f4te Est - et je menais la charge.\u00a0<span style=\"font-family: var( --e-global-typography-54e1b6f-font-family ), Sans-serif; font-size: var( --e-global-typography-54e1b6f-font-size ); letter-spacing: 0px; word-spacing: 0em;\">J'ai eu deux ans pour convertir chaque magazine de la composition traditionnelle \u00e0 la publication assist\u00e9e par ordinateur.\u00a0<\/span><span style=\"font-family: var( --e-global-typography-54e1b6f-font-family ), Sans-serif; font-size: var( --e-global-typography-54e1b6f-font-size ); letter-spacing: 0px; word-spacing: 0em;\">L'enjeu ? Si un magazine ne respecte pas la date de mise en vente, l'ensemble du personnel peut \u00eatre licenci\u00e9.<\/span><\/p><p style=\"font-weight: 400;\">Je devais le faire :<\/p><ul style=\"font-weight: 400;\"><li>Former des \u00e9quipes enti\u00e8res \u00e0 l'utilisation des outils num\u00e9riques avant que leur emploi ne soit supprim\u00e9.<\/li><li>Construire de nouveaux syst\u00e8mes de production \u00e0 partir de z\u00e9ro sans compromettre les d\u00e9lais.<\/li><li>Naviguer dans la r\u00e9sistance, la peur et la frustration - parce que les carri\u00e8res \u00e9taient en jeu.<\/li><\/ul><div>\u00a0<\/div><p style=\"font-weight: 400;\">J'ai v\u00e9cu sur la route entre Silver Spring, MD, le si\u00e8ge de NYC, Boston et la Californie. C'\u00e9tait une \u00e9preuve du feu, et tout le monde n'y arrivait pas.<\/p><h3 style=\"font-weight: 400;\"><strong>R\u00e9tablir les principes fondamentaux de l'entreprise dans l'enseignement de la conception<\/strong><\/h3><p style=\"font-weight: 400;\">Cette s\u00e9rie explorera les lacunes de l'enseignement moderne du design et les raisons pour lesquelles il est encore important. Les sujets abord\u00e9s sont les suivants :<\/p><ol><li><b>L'importance des flux de travail non destructifs<\/b><\/li><li><b>Au-del\u00e0 du pixel : Comment la pens\u00e9e design distingue les professionnels<\/b><\/li><li><b>Le co\u00fbt r\u00e9el des mauvaises d\u00e9cisions en mati\u00e8re de conception<\/b><\/li><li><b>Conception orient\u00e9e entreprise ou conception orient\u00e9e g\u00e9ant : Comprendre le foss\u00e9<\/b><\/li><li><b>Le mythe du designer \u201cpresse-bouton<\/b><\/li><li><b>Reconstruire l'enseignement du design : Ce qui doit changer<\/b><\/li><\/ol><p style=\"font-weight: 400;\">Je me suis battue pour comprendre les autres et leur donner les moyens d'agir lors de la derni\u00e8re transition.\u00a0<span style=\"font-family: var( --e-global-typography-54e1b6f-font-family ), Sans-serif; font-size: var( --e-global-typography-54e1b6f-font-size ); letter-spacing: 0px; word-spacing: 0em;\">Et je vois l'histoire se r\u00e9p\u00e9ter.\u00a0<\/span><span style=\"font-family: var( --e-global-typography-54e1b6f-font-family ), Sans-serif; font-size: var( --e-global-typography-54e1b6f-font-size ); letter-spacing: 0px; word-spacing: 0em;\">Nous pouvons laisser dispara\u00eetre les connaissances fondamentales en mati\u00e8re de conception, mais nous pouvons aussi faire en sorte que la prochaine g\u00e9n\u00e9ration soit pr\u00eate pour ce qui l'attend.<\/span><\/p><hr \/><h4 style=\"font-weight: 400;\"><strong>Note sur le processus et la collaboration<\/strong><\/h4><p style=\"font-weight: 400;\">Cette s\u00e9rie de blogs a \u00e9t\u00e9 un processus it\u00e9ratif, fa\u00e7onn\u00e9 par des discussions continues avec Fr\u00e9do, l'utilisation d'outils d'intelligence artificielle pour trier les \u00e9ch\u00e9ances, affiner les id\u00e9es et peaufiner la prose pour garantir clart\u00e9 et impact - principalement avec Chat-GPT (que j'ai surnomm\u00e9 Cha-cha) et Claude.\u00a0<span style=\"font-family: var( --e-global-typography-54e1b6f-font-family ), Sans-serif; font-size: var( --e-global-typography-54e1b6f-font-size ); letter-spacing: 0px; word-spacing: 0em;\">Je crois en la transparence de mon processus. Bien que le contenu soit profond\u00e9ment personnel et enracin\u00e9 dans mes propres exp\u00e9riences, l'acte d'\u00e9criture - comme la conception elle-m\u00eame - b\u00e9n\u00e9ficie de la collaboration, de la r\u00e9flexion, de la r\u00e9vision et d'une tr\u00e8s bonne connaissance de mes outils.<\/span><\/p>\t\t\t\t\t\t\t\t<\/div>\n\t\t<div class=\"elementor-element elementor-element-4cda90b e-con-full e-flex e-con e-child\" data-id=\"4cda90b\" data-element_type=\"container\" data-e-type=\"container\">\n\t\t\t\t<div class=\"elementor-element elementor-element-fe95c85 elementor-widget elementor-widget-heading\" data-id=\"fe95c85\" data-element_type=\"widget\" data-e-type=\"widget\" data-widget_type=\"heading.default\">\n\t\t\t\t\t<h2 class=\"elementor-heading-title elementor-size-default\">La s\u00e9rie compl\u00e8te<\/h2>\t\t\t\t<\/div>\n\t\t\t\t<div class=\"elementor-element elementor-element-91770af premium-type-column elementor-widget elementor-widget-premium-icon-list\" data-id=\"91770af\" data-element_type=\"widget\" data-e-type=\"widget\" data-settings=\"{&quot;rbadges_repeater&quot;:[]}\" data-widget_type=\"premium-icon-list.default\">\n\t\t\t\t\t\t\t\t<ul class=\"premium-bullet-list-box\">\n\t\t\t\t\n\t\t\t\t\t\t\t<li class=\"premium-bullet-list-content elementor-repeater-item-f13aad2\">\n\t\t\t\t\t\t\t\t<div class=\"premium-bullet-list-text\">\n\t\t\t\t\t\t\t\t\t\t\t\t\t\t\t\t\t\t\t<div class=\"premium-bullet-list-wrapper\">\n\t\t\t\t\t\t\t\t\t\t\t\t\t\t\t\t\t\t\t\t\t\t\t\t<div class=\"premium-bullet-list-icon-text\">\n\t\t\t\t\t\t\t\t\t\t\t\t\t\t<p >\n\t\t\t\t\t\t\t\t\t\t\t\t\t\tS\u00c9RIE DE BLOGS | 1 DE 7\t\t\t\t\t\t\t\t\t\t\t\t\t\t<\/p>\n\t\t\t\t\t\t\t\t\t\t\t\t\t<\/div>\n\t\t\t\t\t\t\t\t\t\t\t\t\t\t\t\t\t\t\t\t\t\t\t\t<\/div>\n\t\t\t\t\t\t\t\t\t\n\t\t\t\t\t\t\t\t\t<div class=\"premium-bullet-list-text-wrapper\">\n\t\t\t\t\t\t\t\t\t\t<span class=\"premium-bullet-text\" data-text=\"The Missing Link in Design Education: Why Enterprise Fundamentals Still Matter\"> Le cha\u00eenon manquant dans l'enseignement de la conception : Pourquoi les principes fondamentaux de l'entreprise sont toujours importants <\/span>\t\t\t\t\t\t\t\t\t\t\t\t\t\t\t\t\t\t\t<\/div>\n\t\t\t\t\t\t\t\t<\/div>\n\n\t\t\t\t\t\t\t\t\n\t\t\t\t\t\t\t\t\t\t\t\t\t\t\t\t\t<a class=\"premium-bullet-list-link\" aria-label=\"Le cha\u00eenon manquant dans l&#039;enseignement de la conception : Pourquoi les principes fondamentaux de l&#039;entreprise sont toujours importants\" href=\"\/the-missing-link-in-design-education-why-enterprise-fundamentals-still-matter\/\">\n\t\t\t\t\t\t\t\t\t\t<span>Le cha\u00eenon manquant dans l'enseignement de la conception : Pourquoi les principes fondamentaux de l'entreprise sont toujours importants<\/span>\n\t\t\t\t\t\t\t\t\t<\/a>\n\t\t\t\t\t\t\t\t\n\t\t\t\t\t\t\t<\/li>\n\n\t\t\t\t\t\t\t\t\t\t\t\t\t\t\t\t\t<div class=\"premium-bullet-list-divider\"><\/div>\n\t\t\t\t\t\t\t\t\t\n\t\t\t\t\t\t\t<li class=\"premium-bullet-list-content elementor-repeater-item-ad441b1\">\n\t\t\t\t\t\t\t\t<div class=\"premium-bullet-list-text\">\n\t\t\t\t\t\t\t\t\t\t\t\t\t\t\t\t\t\t\t<div class=\"premium-bullet-list-wrapper\">\n\t\t\t\t\t\t\t\t\t\t\t\t\t\t\t\t\t\t\t\t\t\t\t\t<div class=\"premium-bullet-list-icon-text\">\n\t\t\t\t\t\t\t\t\t\t\t\t\t\t<p >\n\t\t\t\t\t\t\t\t\t\t\t\t\t\tS\u00c9RIE DE BLOGS | 2 DE 7\t\t\t\t\t\t\t\t\t\t\t\t\t\t<\/p>\n\t\t\t\t\t\t\t\t\t\t\t\t\t<\/div>\n\t\t\t\t\t\t\t\t\t\t\t\t\t\t\t\t\t\t\t\t\t\t\t\t<\/div>\n\t\t\t\t\t\t\t\t\t\n\t\t\t\t\t\t\t\t\t<div class=\"premium-bullet-list-text-wrapper\">\n\t\t\t\t\t\t\t\t\t\t<span class=\"premium-bullet-text\" data-text=\"Why It All Matters: The Cost of Cutting Corners on Design Thinking &amp; Training\"> Pourquoi tout cela est important : Le co\u00fbt de la r\u00e9duction des co\u00fbts de la pens\u00e9e et de la formation en mati\u00e8re de design <\/span>\t\t\t\t\t\t\t\t\t\t\t\t\t\t\t\t\t\t\t<\/div>\n\t\t\t\t\t\t\t\t<\/div>\n\n\t\t\t\t\t\t\t\t\n\t\t\t\t\t\t\t\t\t\t\t\t\t\t\t\t\t<a class=\"premium-bullet-list-link\" aria-label=\"Pourquoi tout cela est important : Le co\u00fbt de la r\u00e9duction des co\u00fbts de la pens\u00e9e et de la formation design\" href=\"\/why-it-all-matters-the-cost-of-cutting-corners-on-design-thinking-training\/\">\n\t\t\t\t\t\t\t\t\t\t<span>Pourquoi tout cela est important : Le co\u00fbt de la r\u00e9duction des co\u00fbts de la pens\u00e9e et de la formation en mati\u00e8re de design<\/span>\n\t\t\t\t\t\t\t\t\t<\/a>\n\t\t\t\t\t\t\t\t\n\t\t\t\t\t\t\t<\/li>\n\n\t\t\t\t\t\t\t\t\t\t\t\t\t\t\t\t\t<div class=\"premium-bullet-list-divider premium-bullet-list-divider\"><\/div>\n\t\t\t\t\t\t\t\t\t\n\t\t\t\t\t\t\t<li class=\"premium-bullet-list-content elementor-repeater-item-7376a4c\">\n\t\t\t\t\t\t\t\t<div class=\"premium-bullet-list-text\">\n\t\t\t\t\t\t\t\t\t\t\t\t\t\t\t\t\t\t\t<div class=\"premium-bullet-list-wrapper\">\n\t\t\t\t\t\t\t\t\t\t\t\t\t\t\t\t\t\t\t\t\t\t\t\t<div class=\"premium-bullet-list-icon-text\">\n\t\t\t\t\t\t\t\t\t\t\t\t\t\t<p >\n\t\t\t\t\t\t\t\t\t\t\t\t\t\tS\u00c9RIE DE BLOGS | 3 DE 7\t\t\t\t\t\t\t\t\t\t\t\t\t\t<\/p>\n\t\t\t\t\t\t\t\t\t\t\t\t\t<\/div>\n\t\t\t\t\t\t\t\t\t\t\t\t\t\t\t\t\t\t\t\t\t\t\t\t<\/div>\n\t\t\t\t\t\t\t\t\t\n\t\t\t\t\t\t\t\t\t<div class=\"premium-bullet-list-text-wrapper\">\n\t\t\t\t\t\t\t\t\t\t<span class=\"premium-bullet-text\" data-text=\"Future-Proofing Your Work: Why Non-Destructive Workflows Matter More Than Ever\"> Prot\u00e9ger votre travail pour l'avenir : Pourquoi les flux de travail non destructifs sont plus importants que jamais <\/span>\t\t\t\t\t\t\t\t\t\t\t\t\t\t\t\t\t\t\t<\/div>\n\t\t\t\t\t\t\t\t<\/div>\n\n\t\t\t\t\t\t\t\t\n\t\t\t\t\t\t\t\t\t\t\t\t\t\t\t\t\t<a class=\"premium-bullet-list-link\" aria-label=\"Prot\u00e9ger votre travail pour l&#039;avenir : Pourquoi les flux de travail non destructifs sont plus importants que jamais\" href=\"\/blog-series-3-of-6-future-proofing-your-work-why-non-destructive-workflows-matter-more-than-ever\/\">\n\t\t\t\t\t\t\t\t\t\t<span>Prot\u00e9ger votre travail pour l'avenir : Pourquoi les flux de travail non destructifs sont plus importants que jamais<\/span>\n\t\t\t\t\t\t\t\t\t<\/a>\n\t\t\t\t\t\t\t\t\n\t\t\t\t\t\t\t<\/li>\n\n\t\t\t\t\t\t\t\t\t\t\t\t\t\t\t\t\t<div class=\"premium-bullet-list-divider premium-bullet-list-divider premium-bullet-list-divider\"><\/div>\n\t\t\t\t\t\t\t\t\t\n\t\t\t\t\t\t\t<li class=\"premium-bullet-list-content elementor-repeater-item-d07508d\">\n\t\t\t\t\t\t\t\t<div class=\"premium-bullet-list-text\">\n\t\t\t\t\t\t\t\t\t\t\t\t\t\t\t\t\t\t\t<div class=\"premium-bullet-list-wrapper\">\n\t\t\t\t\t\t\t\t\t\t\t\t\t\t\t\t\t\t\t\t\t\t\t\t<div class=\"premium-bullet-list-icon-text\">\n\t\t\t\t\t\t\t\t\t\t\t\t\t\t<p >\n\t\t\t\t\t\t\t\t\t\t\t\t\t\tS\u00c9RIE DE BLOGS | 4 DE 7\t\t\t\t\t\t\t\t\t\t\t\t\t\t<\/p>\n\t\t\t\t\t\t\t\t\t\t\t\t\t<\/div>\n\t\t\t\t\t\t\t\t\t\t\t\t\t\t\t\t\t\t\t\t\t\t\t\t<\/div>\n\t\t\t\t\t\t\t\t\t\n\t\t\t\t\t\t\t\t\t<div class=\"premium-bullet-list-text-wrapper\">\n\t\t\t\t\t\t\t\t\t\t<span class=\"premium-bullet-text\" data-text=\"The Myth of the Push-Button Designer: Why Expertise Still Matters\"> Le mythe du concepteur \"presse-bouton\" : Pourquoi l'expertise compte toujours <\/span>\t\t\t\t\t\t\t\t\t\t\t\t\t\t\t\t\t\t\t<\/div>\n\t\t\t\t\t\t\t\t<\/div>\n\n\t\t\t\t\t\t\t\t\n\t\t\t\t\t\t\t\t\t\t\t\t\t\t\t\t\t<a class=\"premium-bullet-list-link\" aria-label=\"Le mythe du concepteur &quot;presse-bouton&quot; : Pourquoi l&#039;expertise compte toujours\" href=\"\/blog-series-4-of-6-the-myth-of-the-push-button-designer-why-expertise-still-matters\/\">\n\t\t\t\t\t\t\t\t\t\t<span>Le mythe du concepteur \"presse-bouton\" : Pourquoi l'expertise compte toujours<\/span>\n\t\t\t\t\t\t\t\t\t<\/a>\n\t\t\t\t\t\t\t\t\n\t\t\t\t\t\t\t<\/li>\n\n\t\t\t\t\t\t\t\t\t\t\t\t\t\t\t\t\t<div class=\"premium-bullet-list-divider premium-bullet-list-divider premium-bullet-list-divider premium-bullet-list-divider\"><\/div>\n\t\t\t\t\t\t\t\t\t\n\t\t\t\t\t\t\t<li class=\"premium-bullet-list-content elementor-repeater-item-c0ca791\">\n\t\t\t\t\t\t\t\t<div class=\"premium-bullet-list-text\">\n\t\t\t\t\t\t\t\t\t\t\t\t\t\t\t\t\t\t\t<div class=\"premium-bullet-list-wrapper\">\n\t\t\t\t\t\t\t\t\t\t\t\t\t\t\t\t\t\t\t\t\t\t\t\t<div class=\"premium-bullet-list-icon-text\">\n\t\t\t\t\t\t\t\t\t\t\t\t\t\t<p >\n\t\t\t\t\t\t\t\t\t\t\t\t\t\tS\u00c9RIE DE BLOGS | 5 DE 7\t\t\t\t\t\t\t\t\t\t\t\t\t\t<\/p>\n\t\t\t\t\t\t\t\t\t\t\t\t\t<\/div>\n\t\t\t\t\t\t\t\t\t\t\t\t\t\t\t\t\t\t\t\t\t\t\t\t<\/div>\n\t\t\t\t\t\t\t\t\t\n\t\t\t\t\t\t\t\t\t<div class=\"premium-bullet-list-text-wrapper\">\n\t\t\t\t\t\t\t\t\t\t<span class=\"premium-bullet-text\" data-text=\"Beyond the Pixel: Why Design Thinking and Collaboration Are Essential\"> Au-del\u00e0 du pixel : Pourquoi la r\u00e9flexion sur la conception et la collaboration sont essentielles <\/span>\t\t\t\t\t\t\t\t\t\t\t\t\t\t\t\t\t\t\t<\/div>\n\t\t\t\t\t\t\t\t<\/div>\n\n\t\t\t\t\t\t\t\t\n\t\t\t\t\t\t\t\t\t\t\t\t\t\t\t\t\t<a class=\"premium-bullet-list-link\" aria-label=\"Au-del\u00e0 du pixel : Pourquoi la r\u00e9flexion sur la conception et la collaboration sont essentielles\" href=\"\/blog-series-5-of-6-beyond-the-pixel-why-design-thinking-and-collaboration-are-essential\/\">\n\t\t\t\t\t\t\t\t\t\t<span>Au-del\u00e0 du pixel : Pourquoi la r\u00e9flexion sur la conception et la collaboration sont essentielles<\/span>\n\t\t\t\t\t\t\t\t\t<\/a>\n\t\t\t\t\t\t\t\t\n\t\t\t\t\t\t\t<\/li>\n\n\t\t\t\t\t\t\t\t\t\t\t\t\t\t\t\t\t<div class=\"premium-bullet-list-divider premium-bullet-list-divider premium-bullet-list-divider premium-bullet-list-divider premium-bullet-list-divider\"><\/div>\n\t\t\t\t\t\t\t\t\t\n\t\t\t\t\t\t\t<li class=\"premium-bullet-list-content elementor-repeater-item-53afe13\">\n\t\t\t\t\t\t\t\t<div class=\"premium-bullet-list-text\">\n\t\t\t\t\t\t\t\t\t\t\t\t\t\t\t\t\t\t\t<div class=\"premium-bullet-list-wrapper\">\n\t\t\t\t\t\t\t\t\t\t\t\t\t\t\t\t\t\t\t\t\t\t\t\t<div class=\"premium-bullet-list-icon-text\">\n\t\t\t\t\t\t\t\t\t\t\t\t\t\t<p >\n\t\t\t\t\t\t\t\t\t\t\t\t\t\tS\u00c9RIE DE BLOGS | 6 DE 7\t\t\t\t\t\t\t\t\t\t\t\t\t\t<\/p>\n\t\t\t\t\t\t\t\t\t\t\t\t\t<\/div>\n\t\t\t\t\t\t\t\t\t\t\t\t\t\t\t\t\t\t\t\t\t\t\t\t<\/div>\n\t\t\t\t\t\t\t\t\t\n\t\t\t\t\t\t\t\t\t<div class=\"premium-bullet-list-text-wrapper\">\n\t\t\t\t\t\t\t\t\t\t<span class=\"premium-bullet-text\" data-text=\"Sustaining Creativity: How to Hold Onto Joy in a Broken Industry\"> Soutenir la cr\u00e9ativit\u00e9 : Comment pr\u00e9server la joie dans un secteur en crise <\/span>\t\t\t\t\t\t\t\t\t\t\t\t\t\t\t\t\t\t\t<\/div>\n\t\t\t\t\t\t\t\t<\/div>\n\n\t\t\t\t\t\t\t\t\n\t\t\t\t\t\t\t\t\t\t\t\t\t\t\t\t\t<a class=\"premium-bullet-list-link\" aria-label=\"Soutenir la cr\u00e9ativit\u00e9 : Comment pr\u00e9server la joie dans un secteur en crise\" href=\"\/blog-series-6-of-6-sustaining-creativity-how-to-hold-onto-joy-in-a-broken-industry\/\">\n\t\t\t\t\t\t\t\t\t\t<span>Soutenir la cr\u00e9ativit\u00e9 : Comment pr\u00e9server la joie dans un secteur en crise<\/span>\n\t\t\t\t\t\t\t\t\t<\/a>\n\t\t\t\t\t\t\t\t\n\t\t\t\t\t\t\t<\/li>\n\n\t\t\t\t\t\t\t\t\t\t\t\t\t\t\t\t\t<div class=\"premium-bullet-list-divider premium-bullet-list-divider premium-bullet-list-divider premium-bullet-list-divider premium-bullet-list-divider premium-bullet-list-divider\"><\/div>\n\t\t\t\t\t\t\t\t\t\n\t\t\t\t\t\t\t<li class=\"premium-bullet-list-content elementor-repeater-item-605b2e7\">\n\t\t\t\t\t\t\t\t<div class=\"premium-bullet-list-text\">\n\t\t\t\t\t\t\t\t\t\t\t\t\t\t\t\t\t\t\t<div class=\"premium-bullet-list-wrapper\">\n\t\t\t\t\t\t\t\t\t\t\t\t\t\t\t\t\t\t\t\t\t\t\t\t<div class=\"premium-bullet-list-icon-text\">\n\t\t\t\t\t\t\t\t\t\t\t\t\t\t<p >\n\t\t\t\t\t\t\t\t\t\t\t\t\t\tS\u00c9RIE DE BLOGS | 7 SUR 7\t\t\t\t\t\t\t\t\t\t\t\t\t\t<\/p>\n\t\t\t\t\t\t\t\t\t\t\t\t\t<\/div>\n\t\t\t\t\t\t\t\t\t\t\t\t\t\t\t\t\t\t\t\t\t\t\t\t<\/div>\n\t\t\t\t\t\t\t\t\t\n\t\t\t\t\t\t\t\t\t<div class=\"premium-bullet-list-text-wrapper\">\n\t\t\t\t\t\t\t\t\t\t<span class=\"premium-bullet-text\" data-text=\"When the Tools Evolve Faster Than We Do: Teaching Design Without the Fear\"> Quand les outils \u00e9voluent plus vite que nous : Enseigner la conception sans crainte <\/span>\t\t\t\t\t\t\t\t\t\t\t\t\t\t\t\t\t\t\t<\/div>\n\t\t\t\t\t\t\t\t<\/div>\n\n\t\t\t\t\t\t\t\t\n\t\t\t\t\t\t\t\t\t\t\t\t\t\t\t\t\t<a class=\"premium-bullet-list-link\" aria-label=\"Quand les outils \u00e9voluent plus vite que nous : Enseigner la conception sans crainte\" href=\"\/when-the-tools-evolve-faster-than-we-do-teaching-design-without-the-fear\/\">\n\t\t\t\t\t\t\t\t\t\t<span>Quand les outils \u00e9voluent plus vite que nous : Enseigner la conception sans crainte<\/span>\n\t\t\t\t\t\t\t\t\t<\/a>\n\t\t\t\t\t\t\t\t\n\t\t\t\t\t\t\t<\/li>\n\n\t\t\t\t\t\t\t\t\t\t\t\t\t\t\t\t\t<div class=\"premium-bullet-list-divider premium-bullet-list-divider premium-bullet-list-divider premium-bullet-list-divider premium-bullet-list-divider premium-bullet-list-divider premium-bullet-list-divider\"><\/div>\n\t\t\t\t\t\t\t\t\t\t\t\t<\/ul>\n\t\t\t\t\t\t<\/div>\n\t\t\t\t<\/div>\n\t\t\t\t\t<\/div>\n\t\t\t\t<\/div>\n\t\t\t\t<\/div>","protected":false},"excerpt":{"rendered":"<p>J'ai commenc\u00e9 \u00e0 \u00e9crire cette s\u00e9rie parce qu'il m'appara\u00eet de plus en plus clairement que quelque chose manque dans l'enseignement moderne du design.<\/p>\n<p>\u00c0 premi\u00e8re vue, tout semble aller pour le mieux. Plus de gens que jamais ont acc\u00e8s \u00e0 des outils puissants et intuitifs qui facilitent et acc\u00e9l\u00e8rent la conception. Des plateformes comme Canva ont d\u00e9mocratis\u00e9 le design, permettant aux non-designers de cr\u00e9er des travaux de qualit\u00e9 professionnelle avec un minimum d'efforts. Les entreprises s'empressent d'adopter des outils aliment\u00e9s par l'IA \u00e0 une vitesse fulgurante, dans l'espoir de prendre une longueur d'avance.<\/p>","protected":false},"author":3,"featured_media":6845,"comment_status":"closed","ping_status":"open","sticky":false,"template":"","format":"standard","meta":{"content-type":"","inline_featured_image":false,"footnotes":""},"categories":[113,34,33,118,110],"tags":[],"class_list":["post-6843","post","type-post","status-publish","format-standard","has-post-thumbnail","hentry","category-article","category-design","category-graphic-design","category-series","category-services"],"yoast_head":"<!-- This site is optimized with the Yoast SEO plugin v27.4 - https:\/\/yoast.com\/product\/yoast-seo-wordpress\/ -->\n<title>The Missing Link in Design Education: Why Enterprise Fundamentals Still Matter - Workingarts Marketing, Inc.<\/title>\n<meta name=\"description\" content=\"I began writing this series because it\u2019s increasingly clear to me: something is missing in modern design education.\" \/>\n<meta name=\"robots\" content=\"index, follow, max-snippet:-1, max-image-preview:large, max-video-preview:-1\" \/>\n<link rel=\"canonical\" href=\"https:\/\/workingarts.com\/fr\/le-chainon-manquant-dans-lenseignement-de-la-conception-pourquoi-les-principes-fondamentaux-de-lentreprise-sont-toujours-importants\/\" \/>\n<meta property=\"og:locale\" content=\"fr_FR\" \/>\n<meta property=\"og:type\" content=\"article\" \/>\n<meta property=\"og:title\" content=\"The Missing Link in Design Education: Why Enterprise Fundamentals Still Matter - Workingarts Marketing, Inc.\" \/>\n<meta property=\"og:description\" content=\"I began writing this series because it\u2019s increasingly clear to me: something is missing in modern design education.\" \/>\n<meta property=\"og:url\" content=\"https:\/\/workingarts.com\/fr\/le-chainon-manquant-dans-lenseignement-de-la-conception-pourquoi-les-principes-fondamentaux-de-lentreprise-sont-toujours-importants\/\" \/>\n<meta property=\"og:site_name\" content=\"Workingarts Marketing, Inc.\" \/>\n<meta property=\"article:publisher\" content=\"https:\/\/www.facebook.com\/Workingarts\/\" \/>\n<meta property=\"article:published_time\" content=\"2025-04-07T20:00:14+00:00\" \/>\n<meta property=\"article:modified_time\" content=\"2025-09-14T21:03:09+00:00\" \/>\n<meta property=\"og:image\" content=\"https:\/\/workingarts.com\/wp-content\/uploads\/blog\/2025-Design-Blog\/envato-labs-ai-3e40ecce-3bdb-4e54-9097-9ed4d583767f.webp\" \/>\n\t<meta property=\"og:image:width\" content=\"1344\" \/>\n\t<meta property=\"og:image:height\" content=\"768\" \/>\n\t<meta property=\"og:image:type\" content=\"image\/webp\" \/>\n<meta name=\"author\" content=\"Renee\" \/>\n<meta name=\"twitter:card\" content=\"summary_large_image\" \/>\n<meta name=\"twitter:creator\" content=\"@working_arts\" \/>\n<meta name=\"twitter:site\" content=\"@working_arts\" \/>\n<meta name=\"twitter:label1\" content=\"\u00c9crit par\" \/>\n\t<meta name=\"twitter:data1\" content=\"Renee\" \/>\n\t<meta name=\"twitter:label2\" content=\"Dur\u00e9e de lecture estim\u00e9e\" \/>\n\t<meta name=\"twitter:data2\" content=\"7 minutes\" \/>\n<script type=\"application\/ld+json\" class=\"yoast-schema-graph\">{\"@context\":\"https:\\\/\\\/schema.org\",\"@graph\":[{\"@type\":\"Article\",\"@id\":\"https:\\\/\\\/workingarts.com\\\/the-missing-link-in-design-education-why-enterprise-fundamentals-still-matter\\\/#article\",\"isPartOf\":{\"@id\":\"https:\\\/\\\/workingarts.com\\\/the-missing-link-in-design-education-why-enterprise-fundamentals-still-matter\\\/\"},\"author\":{\"name\":\"Renee\",\"@id\":\"https:\\\/\\\/workingarts.com\\\/#\\\/schema\\\/person\\\/c24da1bcd62ab625eae0b8c15b9a2abf\"},\"headline\":\"The Missing Link in Design Education: Why Enterprise Fundamentals Still Matter\",\"datePublished\":\"2025-04-07T20:00:14+00:00\",\"dateModified\":\"2025-09-14T21:03:09+00:00\",\"mainEntityOfPage\":{\"@id\":\"https:\\\/\\\/workingarts.com\\\/the-missing-link-in-design-education-why-enterprise-fundamentals-still-matter\\\/\"},\"wordCount\":1465,\"publisher\":{\"@id\":\"https:\\\/\\\/workingarts.com\\\/#organization\"},\"image\":{\"@id\":\"https:\\\/\\\/workingarts.com\\\/the-missing-link-in-design-education-why-enterprise-fundamentals-still-matter\\\/#primaryimage\"},\"thumbnailUrl\":\"https:\\\/\\\/workingarts.com\\\/wp-content\\\/uploads\\\/blog\\\/2025-Design-Blog\\\/envato-labs-ai-3e40ecce-3bdb-4e54-9097-9ed4d583767f.webp\",\"articleSection\":[\"article\",\"Design\",\"Graphic Design\",\"series\",\"Services\"],\"inLanguage\":\"fr-FR\"},{\"@type\":\"WebPage\",\"@id\":\"https:\\\/\\\/workingarts.com\\\/the-missing-link-in-design-education-why-enterprise-fundamentals-still-matter\\\/\",\"url\":\"https:\\\/\\\/workingarts.com\\\/the-missing-link-in-design-education-why-enterprise-fundamentals-still-matter\\\/\",\"name\":\"The Missing Link in Design Education: Why Enterprise Fundamentals Still Matter - Workingarts Marketing, Inc.\",\"isPartOf\":{\"@id\":\"https:\\\/\\\/workingarts.com\\\/#website\"},\"primaryImageOfPage\":{\"@id\":\"https:\\\/\\\/workingarts.com\\\/the-missing-link-in-design-education-why-enterprise-fundamentals-still-matter\\\/#primaryimage\"},\"image\":{\"@id\":\"https:\\\/\\\/workingarts.com\\\/the-missing-link-in-design-education-why-enterprise-fundamentals-still-matter\\\/#primaryimage\"},\"thumbnailUrl\":\"https:\\\/\\\/workingarts.com\\\/wp-content\\\/uploads\\\/blog\\\/2025-Design-Blog\\\/envato-labs-ai-3e40ecce-3bdb-4e54-9097-9ed4d583767f.webp\",\"datePublished\":\"2025-04-07T20:00:14+00:00\",\"dateModified\":\"2025-09-14T21:03:09+00:00\",\"description\":\"I began writing this series because it\u2019s increasingly clear to me: something is missing in modern design education.\",\"breadcrumb\":{\"@id\":\"https:\\\/\\\/workingarts.com\\\/the-missing-link-in-design-education-why-enterprise-fundamentals-still-matter\\\/#breadcrumb\"},\"inLanguage\":\"fr-FR\",\"potentialAction\":[{\"@type\":\"ReadAction\",\"target\":[\"https:\\\/\\\/workingarts.com\\\/the-missing-link-in-design-education-why-enterprise-fundamentals-still-matter\\\/\"]}]},{\"@type\":\"ImageObject\",\"inLanguage\":\"fr-FR\",\"@id\":\"https:\\\/\\\/workingarts.com\\\/the-missing-link-in-design-education-why-enterprise-fundamentals-still-matter\\\/#primaryimage\",\"url\":\"https:\\\/\\\/workingarts.com\\\/wp-content\\\/uploads\\\/blog\\\/2025-Design-Blog\\\/envato-labs-ai-3e40ecce-3bdb-4e54-9097-9ed4d583767f.webp\",\"contentUrl\":\"https:\\\/\\\/workingarts.com\\\/wp-content\\\/uploads\\\/blog\\\/2025-Design-Blog\\\/envato-labs-ai-3e40ecce-3bdb-4e54-9097-9ed4d583767f.webp\",\"width\":1344,\"height\":768,\"caption\":\"cutting a Rubylith\"},{\"@type\":\"BreadcrumbList\",\"@id\":\"https:\\\/\\\/workingarts.com\\\/the-missing-link-in-design-education-why-enterprise-fundamentals-still-matter\\\/#breadcrumb\",\"itemListElement\":[{\"@type\":\"ListItem\",\"position\":1,\"name\":\"Home\",\"item\":\"https:\\\/\\\/workingarts.com\\\/\"},{\"@type\":\"ListItem\",\"position\":2,\"name\":\"The Missing Link in Design Education: Why Enterprise Fundamentals Still Matter\"}]},{\"@type\":\"WebSite\",\"@id\":\"https:\\\/\\\/workingarts.com\\\/#website\",\"url\":\"https:\\\/\\\/workingarts.com\\\/\",\"name\":\"Workingarts Marketing, Inc.\",\"description\":\"Your Success Drives Ours\",\"publisher\":{\"@id\":\"https:\\\/\\\/workingarts.com\\\/#organization\"},\"alternateName\":\"workingarts.com\",\"potentialAction\":[{\"@type\":\"SearchAction\",\"target\":{\"@type\":\"EntryPoint\",\"urlTemplate\":\"https:\\\/\\\/workingarts.com\\\/?s={search_term_string}\"},\"query-input\":{\"@type\":\"PropertyValueSpecification\",\"valueRequired\":true,\"valueName\":\"search_term_string\"}}],\"inLanguage\":\"fr-FR\"},{\"@type\":\"Organization\",\"@id\":\"https:\\\/\\\/workingarts.com\\\/#organization\",\"name\":\"Workingarts Marketing, Inc.\",\"alternateName\":\"workingarts\",\"url\":\"https:\\\/\\\/workingarts.com\\\/\",\"logo\":{\"@type\":\"ImageObject\",\"inLanguage\":\"fr-FR\",\"@id\":\"https:\\\/\\\/workingarts.com\\\/#\\\/schema\\\/logo\\\/image\\\/\",\"url\":\"https:\\\/\\\/workingarts.com\\\/wp-content\\\/uploads\\\/2015\\\/11\\\/wainc_logo_2015-v2_2015RedesignOption6-e1457983390425.png\",\"contentUrl\":\"https:\\\/\\\/workingarts.com\\\/wp-content\\\/uploads\\\/2015\\\/11\\\/wainc_logo_2015-v2_2015RedesignOption6-e1457983390425.png\",\"width\":334,\"height\":68,\"caption\":\"Workingarts Marketing, Inc.\"},\"image\":{\"@id\":\"https:\\\/\\\/workingarts.com\\\/#\\\/schema\\\/logo\\\/image\\\/\"},\"sameAs\":[\"https:\\\/\\\/www.facebook.com\\\/Workingarts\\\/\",\"https:\\\/\\\/x.com\\\/working_arts\",\"https:\\\/\\\/www.linkedin.com\\\/company\\\/workingarts-marketing-inc-\\\/\"]},{\"@type\":\"Person\",\"@id\":\"https:\\\/\\\/workingarts.com\\\/#\\\/schema\\\/person\\\/c24da1bcd62ab625eae0b8c15b9a2abf\",\"name\":\"Renee\",\"image\":{\"@type\":\"ImageObject\",\"inLanguage\":\"fr-FR\",\"@id\":\"https:\\\/\\\/secure.gravatar.com\\\/avatar\\\/a89991dd916b76b9cc350b65f3cd1c6ede80631500c640d6f0b17370243ad9e1?s=96&d=mm&r=g\",\"url\":\"https:\\\/\\\/secure.gravatar.com\\\/avatar\\\/a89991dd916b76b9cc350b65f3cd1c6ede80631500c640d6f0b17370243ad9e1?s=96&d=mm&r=g\",\"contentUrl\":\"https:\\\/\\\/secure.gravatar.com\\\/avatar\\\/a89991dd916b76b9cc350b65f3cd1c6ede80631500c640d6f0b17370243ad9e1?s=96&d=mm&r=g\",\"caption\":\"Renee\"},\"url\":\"https:\\\/\\\/workingarts.com\\\/fr\\\/author\\\/rpmartin\\\/\"}]}<\/script>\n<!-- \/ Yoast SEO plugin. -->","yoast_head_json":{"title":"Le cha\u00eenon manquant dans l'enseignement du design : Pourquoi les principes fondamentaux de l'entreprise sont toujours importants - Workingarts Marketing, Inc.","description":"J'ai commenc\u00e9 \u00e0 \u00e9crire cette s\u00e9rie parce qu'il m'appara\u00eet de plus en plus clairement que quelque chose manque dans le design moderne","robots":{"index":"index","follow":"follow","max-snippet":"max-snippet:-1","max-image-preview":"max-image-preview:large","max-video-preview":"max-video-preview:-1"},"canonical":"https:\/\/workingarts.com\/fr\/le-chainon-manquant-dans-lenseignement-de-la-conception-pourquoi-les-principes-fondamentaux-de-lentreprise-sont-toujours-importants\/","og_locale":"fr_FR","og_type":"article","og_title":"The Missing Link in Design Education: Why Enterprise Fundamentals Still Matter - Workingarts Marketing, Inc.","og_description":"I began writing this series because it\u2019s increasingly clear to me: something is missing in modern design education.","og_url":"https:\/\/workingarts.com\/fr\/le-chainon-manquant-dans-lenseignement-de-la-conception-pourquoi-les-principes-fondamentaux-de-lentreprise-sont-toujours-importants\/","og_site_name":"Workingarts Marketing, Inc.","article_publisher":"https:\/\/www.facebook.com\/Workingarts\/","article_published_time":"2025-04-07T20:00:14+00:00","article_modified_time":"2025-09-14T21:03:09+00:00","og_image":[{"width":1344,"height":768,"url":"https:\/\/workingarts.com\/wp-content\/uploads\/blog\/2025-Design-Blog\/envato-labs-ai-3e40ecce-3bdb-4e54-9097-9ed4d583767f.webp","type":"image\/webp"}],"author":"Renee","twitter_card":"summary_large_image","twitter_creator":"@working_arts","twitter_site":"@working_arts","twitter_misc":{"\u00c9crit par":"Renee","Dur\u00e9e de lecture estim\u00e9e":"7 minutes"},"schema":{"@context":"https:\/\/schema.org","@graph":[{"@type":"Article","@id":"https:\/\/workingarts.com\/the-missing-link-in-design-education-why-enterprise-fundamentals-still-matter\/#article","isPartOf":{"@id":"https:\/\/workingarts.com\/the-missing-link-in-design-education-why-enterprise-fundamentals-still-matter\/"},"author":{"name":"Renee","@id":"https:\/\/workingarts.com\/#\/schema\/person\/c24da1bcd62ab625eae0b8c15b9a2abf"},"headline":"The Missing Link in Design Education: Why Enterprise Fundamentals Still Matter","datePublished":"2025-04-07T20:00:14+00:00","dateModified":"2025-09-14T21:03:09+00:00","mainEntityOfPage":{"@id":"https:\/\/workingarts.com\/the-missing-link-in-design-education-why-enterprise-fundamentals-still-matter\/"},"wordCount":1465,"publisher":{"@id":"https:\/\/workingarts.com\/#organization"},"image":{"@id":"https:\/\/workingarts.com\/the-missing-link-in-design-education-why-enterprise-fundamentals-still-matter\/#primaryimage"},"thumbnailUrl":"https:\/\/workingarts.com\/wp-content\/uploads\/blog\/2025-Design-Blog\/envato-labs-ai-3e40ecce-3bdb-4e54-9097-9ed4d583767f.webp","articleSection":["article","Design","Graphic Design","series","Services"],"inLanguage":"fr-FR"},{"@type":"WebPage","@id":"https:\/\/workingarts.com\/the-missing-link-in-design-education-why-enterprise-fundamentals-still-matter\/","url":"https:\/\/workingarts.com\/the-missing-link-in-design-education-why-enterprise-fundamentals-still-matter\/","name":"Le cha\u00eenon manquant dans l'enseignement du design : Pourquoi les principes fondamentaux de l'entreprise sont toujours importants - Workingarts Marketing, Inc.","isPartOf":{"@id":"https:\/\/workingarts.com\/#website"},"primaryImageOfPage":{"@id":"https:\/\/workingarts.com\/the-missing-link-in-design-education-why-enterprise-fundamentals-still-matter\/#primaryimage"},"image":{"@id":"https:\/\/workingarts.com\/the-missing-link-in-design-education-why-enterprise-fundamentals-still-matter\/#primaryimage"},"thumbnailUrl":"https:\/\/workingarts.com\/wp-content\/uploads\/blog\/2025-Design-Blog\/envato-labs-ai-3e40ecce-3bdb-4e54-9097-9ed4d583767f.webp","datePublished":"2025-04-07T20:00:14+00:00","dateModified":"2025-09-14T21:03:09+00:00","description":"J'ai commenc\u00e9 \u00e0 \u00e9crire cette s\u00e9rie parce qu'il m'appara\u00eet de plus en plus clairement que quelque chose manque dans le design moderne","breadcrumb":{"@id":"https:\/\/workingarts.com\/the-missing-link-in-design-education-why-enterprise-fundamentals-still-matter\/#breadcrumb"},"inLanguage":"fr-FR","potentialAction":[{"@type":"ReadAction","target":["https:\/\/workingarts.com\/the-missing-link-in-design-education-why-enterprise-fundamentals-still-matter\/"]}]},{"@type":"ImageObject","inLanguage":"fr-FR","@id":"https:\/\/workingarts.com\/the-missing-link-in-design-education-why-enterprise-fundamentals-still-matter\/#primaryimage","url":"https:\/\/workingarts.com\/wp-content\/uploads\/blog\/2025-Design-Blog\/envato-labs-ai-3e40ecce-3bdb-4e54-9097-9ed4d583767f.webp","contentUrl":"https:\/\/workingarts.com\/wp-content\/uploads\/blog\/2025-Design-Blog\/envato-labs-ai-3e40ecce-3bdb-4e54-9097-9ed4d583767f.webp","width":1344,"height":768,"caption":"cutting a Rubylith"},{"@type":"BreadcrumbList","@id":"https:\/\/workingarts.com\/the-missing-link-in-design-education-why-enterprise-fundamentals-still-matter\/#breadcrumb","itemListElement":[{"@type":"ListItem","position":1,"name":"Home","item":"https:\/\/workingarts.com\/"},{"@type":"ListItem","position":2,"name":"The Missing Link in Design Education: Why Enterprise Fundamentals Still Matter"}]},{"@type":"WebSite","@id":"https:\/\/workingarts.com\/#website","url":"https:\/\/workingarts.com\/","name":"Workingarts Marketing, Inc.","description":"Votre r\u00e9ussite est le moteur de la n\u00f4tre","publisher":{"@id":"https:\/\/workingarts.com\/#organization"},"alternateName":"workingarts.com","potentialAction":[{"@type":"SearchAction","target":{"@type":"EntryPoint","urlTemplate":"https:\/\/workingarts.com\/?s={search_term_string}"},"query-input":{"@type":"PropertyValueSpecification","valueRequired":true,"valueName":"search_term_string"}}],"inLanguage":"fr-FR"},{"@type":"Organization","@id":"https:\/\/workingarts.com\/#organization","name":"Workingarts Marketing, Inc.","alternateName":"workingarts","url":"https:\/\/workingarts.com\/","logo":{"@type":"ImageObject","inLanguage":"fr-FR","@id":"https:\/\/workingarts.com\/#\/schema\/logo\/image\/","url":"https:\/\/workingarts.com\/wp-content\/uploads\/2015\/11\/wainc_logo_2015-v2_2015RedesignOption6-e1457983390425.png","contentUrl":"https:\/\/workingarts.com\/wp-content\/uploads\/2015\/11\/wainc_logo_2015-v2_2015RedesignOption6-e1457983390425.png","width":334,"height":68,"caption":"Workingarts Marketing, Inc."},"image":{"@id":"https:\/\/workingarts.com\/#\/schema\/logo\/image\/"},"sameAs":["https:\/\/www.facebook.com\/Workingarts\/","https:\/\/x.com\/working_arts","https:\/\/www.linkedin.com\/company\/workingarts-marketing-inc-\/"]},{"@type":"Person","@id":"https:\/\/workingarts.com\/#\/schema\/person\/c24da1bcd62ab625eae0b8c15b9a2abf","name":"Ren\u00e9e","image":{"@type":"ImageObject","inLanguage":"fr-FR","@id":"https:\/\/secure.gravatar.com\/avatar\/a89991dd916b76b9cc350b65f3cd1c6ede80631500c640d6f0b17370243ad9e1?s=96&d=mm&r=g","url":"https:\/\/secure.gravatar.com\/avatar\/a89991dd916b76b9cc350b65f3cd1c6ede80631500c640d6f0b17370243ad9e1?s=96&d=mm&r=g","contentUrl":"https:\/\/secure.gravatar.com\/avatar\/a89991dd916b76b9cc350b65f3cd1c6ede80631500c640d6f0b17370243ad9e1?s=96&d=mm&r=g","caption":"Renee"},"url":"https:\/\/workingarts.com\/fr\/author\/rpmartin\/"}]}},"_links":{"self":[{"href":"https:\/\/workingarts.com\/fr\/wp-json\/wp\/v2\/posts\/6843","targetHints":{"allow":["GET"]}}],"collection":[{"href":"https:\/\/workingarts.com\/fr\/wp-json\/wp\/v2\/posts"}],"about":[{"href":"https:\/\/workingarts.com\/fr\/wp-json\/wp\/v2\/types\/post"}],"author":[{"embeddable":true,"href":"https:\/\/workingarts.com\/fr\/wp-json\/wp\/v2\/users\/3"}],"replies":[{"embeddable":true,"href":"https:\/\/workingarts.com\/fr\/wp-json\/wp\/v2\/comments?post=6843"}],"version-history":[{"count":0,"href":"https:\/\/workingarts.com\/fr\/wp-json\/wp\/v2\/posts\/6843\/revisions"}],"wp:featuredmedia":[{"embeddable":true,"href":"https:\/\/workingarts.com\/fr\/wp-json\/wp\/v2\/media\/6845"}],"wp:attachment":[{"href":"https:\/\/workingarts.com\/fr\/wp-json\/wp\/v2\/media?parent=6843"}],"wp:term":[{"taxonomy":"category","embeddable":true,"href":"https:\/\/workingarts.com\/fr\/wp-json\/wp\/v2\/categories?post=6843"},{"taxonomy":"post_tag","embeddable":true,"href":"https:\/\/workingarts.com\/fr\/wp-json\/wp\/v2\/tags?post=6843"}],"curies":[{"name":"wp","href":"https:\/\/api.w.org\/{rel}","templated":true}]}}